
			
				

					
				

			
		{"items":"\n\t\t\t\t\t\t\t\t\t\t\t\n<article id=\"post-2496\" class=\"wd-post blog-design-mask blog-post-loop blog-style-bg wd-add-shadow wd-col post-2496 post type-post status-publish format-standard has-post-thumbnail hentry category-patologie-gola tag-catarro-fra-naso-e-gola tag-catarro-in-gola tag-catarro\">\n\t<div class=\"article-inner\">\n\t\t\t\t\t<header class=\"entry-header\">\n\t\t\t\t\t\t\t\t\t<figure id=\"carousel-979\" class=\"entry-thumbnail\">\n\t\t\t\t\t\t\n\t\t\t\t\t\t\t<div class=\"post-img-wrapp\">\n\t\t\t\t\t\t\t\t<a href=\"https:\/\/www.alessandrovalieri.it\/muco-catarro-in-gola\/\">\n\t\t\t\t\t\t\t\t\t<img width=\"1024\" height=\"512\" src=\"https:\/\/www.alessandrovalieri.it\/wp-content\/uploads\/2017\/05\/catarro-in-gola-1024x512.jpg\" class=\"attachment-large size-large\" alt=\"\" decoding=\"async\" fetchpriority=\"high\" srcset=\"https:\/\/www.alessandrovalieri.it\/wp-content\/uploads\/2017\/05\/catarro-in-gola-1024x512.jpg 1024w, https:\/\/www.alessandrovalieri.it\/wp-content\/uploads\/2017\/05\/catarro-in-gola-300x150.jpg 300w, https:\/\/www.alessandrovalieri.it\/wp-content\/uploads\/2017\/05\/catarro-in-gola-768x384.jpg 768w, https:\/\/www.alessandrovalieri.it\/wp-content\/uploads\/2017\/05\/catarro-in-gola-200x100.jpg 200w, https:\/\/www.alessandrovalieri.it\/wp-content\/uploads\/2017\/05\/catarro-in-gola-400x200.jpg 400w, https:\/\/www.alessandrovalieri.it\/wp-content\/uploads\/2017\/05\/catarro-in-gola-600x300.jpg 600w, https:\/\/www.alessandrovalieri.it\/wp-content\/uploads\/2017\/05\/catarro-in-gola-800x400.jpg 800w, https:\/\/www.alessandrovalieri.it\/wp-content\/uploads\/2017\/05\/catarro-in-gola.jpg 1200w\" sizes=\"(max-width: 1024px) 100vw, 1024px\" \/>\t\t\t\t\t\t\t\t<\/a>\n\t\t\t\t\t\t\t<\/div>\n\t\t\t\t\t\t\t<div class=\"post-image-mask\">\n\t\t\t\t\t\t\t\t<span><\/span>\n\t\t\t\t\t\t\t<\/div>\n\n\t\t\t\t\t\t\n\t\t\t\t\t<\/figure>\n\t\t\t\t\n\t\t\t\t\t\t\t\t\t\t\t\t<div class=\"post-date wd-post-date wd-style-with-bg\">\n\t\t\t\t<span class=\"post-date-day\">\n\t\t\t\t\t06\t\t\t\t<\/span>\n\t\t\t\t<span class=\"post-date-month\">\n\t\t\t\t\tMag\t\t\t\t<\/span>\n\t\t\t<\/div>\n\t\t\t\t\t\t\n\t\t\t<\/header><!-- .entry-header -->\n\n\t\t<div class=\"article-body-container\">\n\t\t\t\n\t\t\t\t\t\t\t\t\t<div class=\"meta-categories-wrapp\"><div class=\"meta-post-categories wd-post-cat wd-style-with-bg\"><a href=\"https:\/\/www.alessandrovalieri.it\/patologie-gola\/\" rel=\"category tag\">Patologie Gola<\/a><\/div><\/div>\n\t\t\t\t\n\t\t\t\t\t\t\t\t\t<h3 class=\"wd-entities-title title post-title\">\n\t\t\t\t\t\t<a href=\"https:\/\/www.alessandrovalieri.it\/muco-catarro-in-gola\/\" rel=\"bookmark\">Muco e catarro in gola che viene dal naso<\/a>\n\t\t\t\t\t<\/h3>\n\t\t\t\t\n\t\t\t\t\t\t\t\t\t<div class=\"entry-meta wd-entry-meta\">\n\t\t\t\t\t\t\t\t\t<ul class=\"entry-meta-list\">\n\t\t\t\t\t\t\t\t\t<li class=\"modified-date\">\n\t\t\t\t\t\t\t\t<time class=\"updated\" datetime=\"2024-07-22T14:34:19+00:00\">\n\t\t\tLuglio 22, 2024\t\t<\/time>\n\t\t\t\t\t\t\t<\/li>\n\n\t\t\t\t\t\n\t\t\t\t\t\t\t\t\t\t\t<li class=\"meta-author\">\n\t\t\t\t\t\t\t\t\t\t\t\t<span>By<\/span>\n\t\t\n\t\t\t\t\t\t\t\n\t\t<a href=\"https:\/\/www.alessandrovalieri.it\/author\/webmaster\/\" rel=\"author\">\n\t\t\t<span class=\"vcard author author_name\">\n\t\t\t\t<span class=\"fn\">Paolo Pieraccioli<\/span>\n\t\t\t<\/span>\n\t\t<\/a>\n\t\t\t\t\t\t\t\t<\/li>\n\t\t\t\t\t\n\t\t\t\t\t\n\t\t\t\t\t\t\t\t\t\t\t\t<\/ul>\n\t\t\t\t\t\t\t<\/div><!-- .entry-meta -->\n\t\t\t\t\t\t\t\t\t\t\t<div class=\"hovered-social-icons wd-tltp wd-tltp-top\">\n\t\t\t\t\t\t\t<div class=\"wd-tooltip-label\">\n\t\t\t\t\t\t\t\t\t\t\t<link rel=\"stylesheet\" id=\"wd-social-icons-css\" href=\"https:\/\/www.alessandrovalieri.it\/wp-content\/themes\/woodmart\/css\/parts\/el-social-icons.min.css?ver=7.5.1\" type=\"text\/css\" media=\"all\" \/> \t\t\t\n\t\t\t<div class=\" wd-social-icons  icons-design-default icons-size-small color-scheme-light social-share social-form-circle text-center\">\n\n\t\t\t\t\n\t\t\t\t\t\t\t\t\t<a rel=\"noopener noreferrer nofollow\" href=\"https:\/\/www.facebook.com\/sharer\/sharer.php?u=https:\/\/www.alessandrovalieri.it\/muco-catarro-in-gola\/\" target=\"_blank\" class=\" wd-social-icon social-facebook\" aria-label=\"Facebook social link\">\n\t\t\t\t\t\t<span class=\"wd-icon\"><\/span>\n\t\t\t\t\t\t\t\t\t\t\t<\/a>\n\t\t\t\t\n\t\t\t\t\t\t\t\t\t<a rel=\"noopener noreferrer nofollow\" href=\"https:\/\/x.com\/share?url=https:\/\/www.alessandrovalieri.it\/muco-catarro-in-gola\/\" target=\"_blank\" class=\" wd-social-icon social-twitter\" aria-label=\"X social link\">\n\t\t\t\t\t\t<span class=\"wd-icon\"><\/span>\n\t\t\t\t\t\t\t\t\t\t\t<\/a>\n\t\t\t\t\n\t\t\t\t\n\t\t\t\t\n\t\t\t\t\n\t\t\t\t\t\t\t\t\t<a rel=\"noopener noreferrer nofollow\" href=\"https:\/\/pinterest.com\/pin\/create\/button\/?url=https:\/\/www.alessandrovalieri.it\/muco-catarro-in-gola\/&media=https:\/\/www.alessandrovalieri.it\/wp-content\/uploads\/2017\/05\/catarro-in-gola.jpg&description=Muco+e+catarro+in+gola+che+viene+dal+naso\" target=\"_blank\" class=\" wd-social-icon social-pinterest\" aria-label=\"Pinterest social link\">\n\t\t\t\t\t\t<span class=\"wd-icon\"><\/span>\n\t\t\t\t\t\t\t\t\t\t\t<\/a>\n\t\t\t\t\n\t\t\t\t\n\t\t\t\t\t\t\t\t\t<a rel=\"noopener noreferrer nofollow\" href=\"https:\/\/www.linkedin.com\/shareArticle?mini=true&url=https:\/\/www.alessandrovalieri.it\/muco-catarro-in-gola\/\" target=\"_blank\" class=\" wd-social-icon social-linkedin\" aria-label=\"Linkedin social link\">\n\t\t\t\t\t\t<span class=\"wd-icon\"><\/span>\n\t\t\t\t\t\t\t\t\t\t\t<\/a>\n\t\t\t\t\n\t\t\t\t\n\t\t\t\t\n\t\t\t\t\n\t\t\t\t\n\t\t\t\t\n\t\t\t\t\n\t\t\t\t\n\t\t\t\t\n\t\t\t\t\n\t\t\t\t\t\t\t\t\n\t\t\t\t\t\t\t\t\n\t\t\t\t\n\t\t\t\t\n\t\t\t\t\t\t\t\t\t<a rel=\"noopener noreferrer nofollow\" href=\"https:\/\/telegram.me\/share\/url?url=https:\/\/www.alessandrovalieri.it\/muco-catarro-in-gola\/\" target=\"_blank\" class=\" wd-social-icon social-tg\" aria-label=\"Telegram social link\">\n\t\t\t\t\t\t<span class=\"wd-icon\"><\/span>\n\t\t\t\t\t\t\t\t\t\t\t<\/a>\n\t\t\t\t\t\t\t\t\n\t\t\t\t\n\t\t\t<\/div>\n\n\t\t\t\t\t\t\t\t\t<\/div>\n\t\t\t\t\t\t<\/div>\n\t\t\t\t\t\t\t\t\t\t\t\t\n\t\t\t\t\t\t\t\n\t\t\t\t                    <div class=\"entry-content wd-entry-content\">\n\t\t\t\t\t\t<p>Maledetto muco! Quante volte, soprattutto durante la stagione invernale, ci tocca convivere con naso chiuso e catarro che fatichiamo ad espellere, quel catarro che poi finisce per gocciolare e scendere in gola, sino a dar vita alla ancor pi\u00f9 fastidiosa sensazione di &#8216;groppo&#8217; o blocco che spesso ci porta a schiarirci la voce a ripetizione oltre che a tossire, tossire e ancora tossire. Quante volte ci ritroviamo allora a maledire quel muco che, a dirla tutta, sarebbe invece un prezioso alleato. <\/p>\n\n\t\t\t\t\t\t\t\t\t\t\t<\/div><!-- .entry-content -->\n\t\t\t\t\n\t\t\t\t\t\t\t\t\t\t\t\t\t\t<p class=\"read-more-section\">\n\t\t\t\t\t\t<a class=\"btn-read-more more-link\" href=\"https:\/\/www.alessandrovalieri.it\/muco-catarro-in-gola\/\">Continue reading<\/a>\t\t\t\t\t<\/p>\n\t\t\t\t\t\t\t\t\t\t\t\n\t\t\t\n\t\t\t\t\t<\/div>\n\t<\/div>\n<\/article><!-- #post -->\n\n\n\t\t\t\t\t\t\t\t\t\t\t\n<article id=\"post-3283\" class=\"wd-post blog-design-mask blog-post-loop blog-style-bg wd-add-shadow wd-col post-3283 post type-post status-publish format-standard has-post-thumbnail hentry category-patologie-gola category-calcoli-tonsillari tag-calcoli-salivari tag-ghiandole-salivari-ingrossate tag-intervento-laser\">\n\t<div class=\"article-inner\">\n\t\t\t\t\t<header class=\"entry-header\">\n\t\t\t\t\t\t\t\t\t<figure id=\"carousel-821\" class=\"entry-thumbnail\">\n\t\t\t\t\t\t\n\t\t\t\t\t\t\t<div class=\"post-img-wrapp\">\n\t\t\t\t\t\t\t\t<a href=\"https:\/\/www.alessandrovalieri.it\/calcoli-salivari-intervento\/\">\n\t\t\t\t\t\t\t\t\t<img width=\"1024\" height=\"440\" src=\"https:\/\/www.alessandrovalieri.it\/wp-content\/uploads\/2018\/02\/chirurgia-ghiandole-1024x440.jpg\" class=\"attachment-large size-large\" alt=\"\" decoding=\"async\" srcset=\"https:\/\/www.alessandrovalieri.it\/wp-content\/uploads\/2018\/02\/chirurgia-ghiandole-1024x440.jpg 1024w, https:\/\/www.alessandrovalieri.it\/wp-content\/uploads\/2018\/02\/chirurgia-ghiandole-300x129.jpg 300w, https:\/\/www.alessandrovalieri.it\/wp-content\/uploads\/2018\/02\/chirurgia-ghiandole-768x330.jpg 768w, https:\/\/www.alessandrovalieri.it\/wp-content\/uploads\/2018\/02\/chirurgia-ghiandole-200x86.jpg 200w, https:\/\/www.alessandrovalieri.it\/wp-content\/uploads\/2018\/02\/chirurgia-ghiandole-400x172.jpg 400w, https:\/\/www.alessandrovalieri.it\/wp-content\/uploads\/2018\/02\/chirurgia-ghiandole-600x258.jpg 600w, https:\/\/www.alessandrovalieri.it\/wp-content\/uploads\/2018\/02\/chirurgia-ghiandole-800x344.jpg 800w, https:\/\/www.alessandrovalieri.it\/wp-content\/uploads\/2018\/02\/chirurgia-ghiandole-1200x516.jpg 1200w, https:\/\/www.alessandrovalieri.it\/wp-content\/uploads\/2018\/02\/chirurgia-ghiandole.jpg 1215w\" sizes=\"(max-width: 1024px) 100vw, 1024px\" \/>\t\t\t\t\t\t\t\t<\/a>\n\t\t\t\t\t\t\t<\/div>\n\t\t\t\t\t\t\t<div class=\"post-image-mask\">\n\t\t\t\t\t\t\t\t<span><\/span>\n\t\t\t\t\t\t\t<\/div>\n\n\t\t\t\t\t\t\n\t\t\t\t\t<\/figure>\n\t\t\t\t\n\t\t\t\t\t\t\t\t\t\t\t\t<div class=\"post-date wd-post-date wd-style-with-bg\">\n\t\t\t\t<span class=\"post-date-day\">\n\t\t\t\t\t18\t\t\t\t<\/span>\n\t\t\t\t<span class=\"post-date-month\">\n\t\t\t\t\tFeb\t\t\t\t<\/span>\n\t\t\t<\/div>\n\t\t\t\t\t\t\n\t\t\t<\/header><!-- .entry-header -->\n\n\t\t<div class=\"article-body-container\">\n\t\t\t\n\t\t\t\t\t\t\t\t\t<div class=\"meta-categories-wrapp\"><div class=\"meta-post-categories wd-post-cat wd-style-with-bg\"><a href=\"https:\/\/www.alessandrovalieri.it\/patologie-gola\/\" rel=\"category tag\">Patologie Gola<\/a>, <a href=\"https:\/\/www.alessandrovalieri.it\/calcoli-tonsillari\/\" rel=\"category tag\">Calcoli Tonsillari<\/a><\/div><\/div>\n\t\t\t\t\n\t\t\t\t\t\t\t\t\t<h3 class=\"wd-entities-title title post-title\">\n\t\t\t\t\t\t<a href=\"https:\/\/www.alessandrovalieri.it\/calcoli-salivari-intervento\/\" rel=\"bookmark\">Calcoli salivari intervento laser<\/a>\n\t\t\t\t\t<\/h3>\n\t\t\t\t\n\t\t\t\t\t\t\t\t\t<div class=\"entry-meta wd-entry-meta\">\n\t\t\t\t\t\t\t\t\t<ul class=\"entry-meta-list\">\n\t\t\t\t\t\t\t\t\t<li class=\"modified-date\">\n\t\t\t\t\t\t\t\t<time class=\"updated\" datetime=\"2024-07-23T10:16:56+00:00\">\n\t\t\tLuglio 23, 2024\t\t<\/time>\n\t\t\t\t\t\t\t<\/li>\n\n\t\t\t\t\t\n\t\t\t\t\t\t\t\t\t\t\t<li class=\"meta-author\">\n\t\t\t\t\t\t\t\t\t\t\t\t<span>By<\/span>\n\t\t\n\t\t\t\t\t\t\t\n\t\t<a href=\"https:\/\/www.alessandrovalieri.it\/author\/webmaster\/\" rel=\"author\">\n\t\t\t<span class=\"vcard author author_name\">\n\t\t\t\t<span class=\"fn\">Paolo Pieraccioli<\/span>\n\t\t\t<\/span>\n\t\t<\/a>\n\t\t\t\t\t\t\t\t<\/li>\n\t\t\t\t\t\n\t\t\t\t\t\n\t\t\t\t\t\t\t\t\t\t\t\t<\/ul>\n\t\t\t\t\t\t\t<\/div><!-- .entry-meta -->\n\t\t\t\t\t\t\t\t\t\t\t<div class=\"hovered-social-icons wd-tltp wd-tltp-top\">\n\t\t\t\t\t\t\t<div class=\"wd-tooltip-label\">\n\t\t\t\t\t\t\t\t\n\t\t\t<div class=\" wd-social-icons  icons-design-default icons-size-small color-scheme-light social-share social-form-circle text-center\">\n\n\t\t\t\t\n\t\t\t\t\t\t\t\t\t<a rel=\"noopener noreferrer nofollow\" href=\"https:\/\/www.facebook.com\/sharer\/sharer.php?u=https:\/\/www.alessandrovalieri.it\/calcoli-salivari-intervento\/\" target=\"_blank\" class=\" wd-social-icon social-facebook\" aria-label=\"Facebook social link\">\n\t\t\t\t\t\t<span class=\"wd-icon\"><\/span>\n\t\t\t\t\t\t\t\t\t\t\t<\/a>\n\t\t\t\t\n\t\t\t\t\t\t\t\t\t<a rel=\"noopener noreferrer nofollow\" href=\"https:\/\/x.com\/share?url=https:\/\/www.alessandrovalieri.it\/calcoli-salivari-intervento\/\" target=\"_blank\" class=\" wd-social-icon social-twitter\" aria-label=\"X social link\">\n\t\t\t\t\t\t<span class=\"wd-icon\"><\/span>\n\t\t\t\t\t\t\t\t\t\t\t<\/a>\n\t\t\t\t\n\t\t\t\t\n\t\t\t\t\n\t\t\t\t\n\t\t\t\t\t\t\t\t\t<a rel=\"noopener noreferrer nofollow\" href=\"https:\/\/pinterest.com\/pin\/create\/button\/?url=https:\/\/www.alessandrovalieri.it\/calcoli-salivari-intervento\/&media=https:\/\/www.alessandrovalieri.it\/wp-content\/uploads\/2018\/02\/chirurgia-ghiandole.jpg&description=Calcoli+salivari+intervento+laser\" target=\"_blank\" class=\" wd-social-icon social-pinterest\" aria-label=\"Pinterest social link\">\n\t\t\t\t\t\t<span class=\"wd-icon\"><\/span>\n\t\t\t\t\t\t\t\t\t\t\t<\/a>\n\t\t\t\t\n\t\t\t\t\n\t\t\t\t\t\t\t\t\t<a rel=\"noopener noreferrer nofollow\" href=\"https:\/\/www.linkedin.com\/shareArticle?mini=true&url=https:\/\/www.alessandrovalieri.it\/calcoli-salivari-intervento\/\" target=\"_blank\" class=\" wd-social-icon social-linkedin\" aria-label=\"Linkedin social link\">\n\t\t\t\t\t\t<span class=\"wd-icon\"><\/span>\n\t\t\t\t\t\t\t\t\t\t\t<\/a>\n\t\t\t\t\n\t\t\t\t\n\t\t\t\t\n\t\t\t\t\n\t\t\t\t\n\t\t\t\t\n\t\t\t\t\n\t\t\t\t\n\t\t\t\t\n\t\t\t\t\n\t\t\t\t\t\t\t\t\n\t\t\t\t\t\t\t\t\n\t\t\t\t\n\t\t\t\t\n\t\t\t\t\t\t\t\t\t<a rel=\"noopener noreferrer nofollow\" href=\"https:\/\/telegram.me\/share\/url?url=https:\/\/www.alessandrovalieri.it\/calcoli-salivari-intervento\/\" target=\"_blank\" class=\" wd-social-icon social-tg\" aria-label=\"Telegram social link\">\n\t\t\t\t\t\t<span class=\"wd-icon\"><\/span>\n\t\t\t\t\t\t\t\t\t\t\t<\/a>\n\t\t\t\t\t\t\t\t\n\t\t\t\t\n\t\t\t<\/div>\n\n\t\t\t\t\t\t\t\t\t<\/div>\n\t\t\t\t\t\t<\/div>\n\t\t\t\t\t\t\t\t\t\t\t\t\n\t\t\t\t\t\t\t\n\t\t\t\t                    <div class=\"entry-content wd-entry-content\">\n\t\t\t\t\t\t<p>Quando sentiamo parlare di calcoli, inevitabilmente la nostra mente associa la parola a reni, coliche varie e dolore intenso. Purtroppo, quelli renali, non sono gli unici, fastidiosissimi, calcoli. Anche le ghiandole salivari, presenti sotto la lingua e tra mandibole e condotto uditivo, possono infatti infiammarsi proprio a causa della formazione e presenza dei cosiddetti calcoli salivari. Sino a qualche tempo fa la rimozione di questi calcoli avveniva mediante chirurgia tradizionale, con rischi di importanti e irreversibili lesioni a nervi e ghiandole. <\/p>\n\n\t\t\t\t\t\t\t\t\t\t\t<\/div><!-- .entry-content -->\n\t\t\t\t\n\t\t\t\t\t\t\t\t\t\t\t\t\t\t<p class=\"read-more-section\">\n\t\t\t\t\t\t<a class=\"btn-read-more more-link\" href=\"https:\/\/www.alessandrovalieri.it\/calcoli-salivari-intervento\/\">Continue reading<\/a>\t\t\t\t\t<\/p>\n\t\t\t\t\t\t\t\t\t\t\t\n\t\t\t\n\t\t\t\t\t<\/div>\n\t<\/div>\n<\/article><!-- #post -->\n\n\n\t\t\t\t\t\t\t\t\t\t\t\n<article id=\"post-3211\" class=\"wd-post blog-design-mask blog-post-loop blog-style-bg wd-add-shadow wd-col post-3211 post type-post status-publish format-standard has-post-thumbnail hentry category-patologie-gola category-problemi-della-voce tag-cancro-alla-gola tag-cancro-alla-gola-sintomi tag-cancro-gola tag-tumore-alla-gola tag-tumore-alla-gola-sintomi-iniziali\">\n\t<div class=\"article-inner\">\n\t\t\t\t\t<header class=\"entry-header\">\n\t\t\t\t\t\t\t\t\t<figure id=\"carousel-985\" class=\"entry-thumbnail\">\n\t\t\t\t\t\t\n\t\t\t\t\t\t\t<div class=\"post-img-wrapp\">\n\t\t\t\t\t\t\t\t<a href=\"https:\/\/www.alessandrovalieri.it\/riconoscere-i-sintomi-del-cancro-alla-gola\/\">\n\t\t\t\t\t\t\t\t\t<img width=\"1000\" height=\"563\" src=\"https:\/\/www.alessandrovalieri.it\/wp-content\/uploads\/2018\/02\/tumore-alla-laringe-sintomi-cause-rimedi-kTGC-U11001793525368Gs-1024x576@LaStampa.it_.jpg\" class=\"attachment-large size-large\" alt=\"\" decoding=\"async\" loading=\"lazy\" srcset=\"https:\/\/www.alessandrovalieri.it\/wp-content\/uploads\/2018\/02\/tumore-alla-laringe-sintomi-cause-rimedi-kTGC-U11001793525368Gs-1024x576@LaStampa.it_.jpg 1000w, https:\/\/www.alessandrovalieri.it\/wp-content\/uploads\/2018\/02\/tumore-alla-laringe-sintomi-cause-rimedi-kTGC-U11001793525368Gs-1024x576@LaStampa.it_-300x169.jpg 300w, https:\/\/www.alessandrovalieri.it\/wp-content\/uploads\/2018\/02\/tumore-alla-laringe-sintomi-cause-rimedi-kTGC-U11001793525368Gs-1024x576@LaStampa.it_-768x432.jpg 768w, https:\/\/www.alessandrovalieri.it\/wp-content\/uploads\/2018\/02\/tumore-alla-laringe-sintomi-cause-rimedi-kTGC-U11001793525368Gs-1024x576@LaStampa.it_-200x113.jpg 200w, https:\/\/www.alessandrovalieri.it\/wp-content\/uploads\/2018\/02\/tumore-alla-laringe-sintomi-cause-rimedi-kTGC-U11001793525368Gs-1024x576@LaStampa.it_-400x225.jpg 400w, https:\/\/www.alessandrovalieri.it\/wp-content\/uploads\/2018\/02\/tumore-alla-laringe-sintomi-cause-rimedi-kTGC-U11001793525368Gs-1024x576@LaStampa.it_-600x338.jpg 600w, https:\/\/www.alessandrovalieri.it\/wp-content\/uploads\/2018\/02\/tumore-alla-laringe-sintomi-cause-rimedi-kTGC-U11001793525368Gs-1024x576@LaStampa.it_-800x450.jpg 800w\" sizes=\"auto, (max-width: 1000px) 100vw, 1000px\" \/>\t\t\t\t\t\t\t\t<\/a>\n\t\t\t\t\t\t\t<\/div>\n\t\t\t\t\t\t\t<div class=\"post-image-mask\">\n\t\t\t\t\t\t\t\t<span><\/span>\n\t\t\t\t\t\t\t<\/div>\n\n\t\t\t\t\t\t\n\t\t\t\t\t<\/figure>\n\t\t\t\t\n\t\t\t\t\t\t\t\t\t\t\t\t<div class=\"post-date wd-post-date wd-style-with-bg\">\n\t\t\t\t<span class=\"post-date-day\">\n\t\t\t\t\t02\t\t\t\t<\/span>\n\t\t\t\t<span class=\"post-date-month\">\n\t\t\t\t\tFeb\t\t\t\t<\/span>\n\t\t\t<\/div>\n\t\t\t\t\t\t\n\t\t\t<\/header><!-- .entry-header -->\n\n\t\t<div class=\"article-body-container\">\n\t\t\t\n\t\t\t\t\t\t\t\t\t<div class=\"meta-categories-wrapp\"><div class=\"meta-post-categories wd-post-cat wd-style-with-bg\"><a href=\"https:\/\/www.alessandrovalieri.it\/patologie-gola\/\" rel=\"category tag\">Patologie Gola<\/a>, <a href=\"https:\/\/www.alessandrovalieri.it\/problemi-della-voce\/\" rel=\"category tag\">Problemi della voce<\/a><\/div><\/div>\n\t\t\t\t\n\t\t\t\t\t\t\t\t\t<h3 class=\"wd-entities-title title post-title\">\n\t\t\t\t\t\t<a href=\"https:\/\/www.alessandrovalieri.it\/riconoscere-i-sintomi-del-cancro-alla-gola\/\" rel=\"bookmark\">Come riconoscere i sintomi del cancro alla gola<\/a>\n\t\t\t\t\t<\/h3>\n\t\t\t\t\n\t\t\t\t\t\t\t\t\t<div class=\"entry-meta wd-entry-meta\">\n\t\t\t\t\t\t\t\t\t<ul class=\"entry-meta-list\">\n\t\t\t\t\t\t\t\t\t<li class=\"modified-date\">\n\t\t\t\t\t\t\t\t<time class=\"updated\" datetime=\"2024-07-23T10:16:41+00:00\">\n\t\t\tLuglio 23, 2024\t\t<\/time>\n\t\t\t\t\t\t\t<\/li>\n\n\t\t\t\t\t\n\t\t\t\t\t\t\t\t\t\t\t<li class=\"meta-author\">\n\t\t\t\t\t\t\t\t\t\t\t\t<span>By<\/span>\n\t\t\n\t\t\t\t\t\t\t\n\t\t<a href=\"https:\/\/www.alessandrovalieri.it\/author\/webmaster\/\" rel=\"author\">\n\t\t\t<span class=\"vcard author author_name\">\n\t\t\t\t<span class=\"fn\">Paolo Pieraccioli<\/span>\n\t\t\t<\/span>\n\t\t<\/a>\n\t\t\t\t\t\t\t\t<\/li>\n\t\t\t\t\t\n\t\t\t\t\t\n\t\t\t\t\t\t\t\t\t\t\t\t<\/ul>\n\t\t\t\t\t\t\t<\/div><!-- .entry-meta -->\n\t\t\t\t\t\t\t\t\t\t\t<div class=\"hovered-social-icons wd-tltp wd-tltp-top\">\n\t\t\t\t\t\t\t<div class=\"wd-tooltip-label\">\n\t\t\t\t\t\t\t\t\n\t\t\t<div class=\" wd-social-icons  icons-design-default icons-size-small color-scheme-light social-share social-form-circle text-center\">\n\n\t\t\t\t\n\t\t\t\t\t\t\t\t\t<a rel=\"noopener noreferrer nofollow\" href=\"https:\/\/www.facebook.com\/sharer\/sharer.php?u=https:\/\/www.alessandrovalieri.it\/riconoscere-i-sintomi-del-cancro-alla-gola\/\" target=\"_blank\" class=\" wd-social-icon social-facebook\" aria-label=\"Facebook social link\">\n\t\t\t\t\t\t<span class=\"wd-icon\"><\/span>\n\t\t\t\t\t\t\t\t\t\t\t<\/a>\n\t\t\t\t\n\t\t\t\t\t\t\t\t\t<a rel=\"noopener noreferrer nofollow\" href=\"https:\/\/x.com\/share?url=https:\/\/www.alessandrovalieri.it\/riconoscere-i-sintomi-del-cancro-alla-gola\/\" target=\"_blank\" class=\" wd-social-icon social-twitter\" aria-label=\"X social link\">\n\t\t\t\t\t\t<span class=\"wd-icon\"><\/span>\n\t\t\t\t\t\t\t\t\t\t\t<\/a>\n\t\t\t\t\n\t\t\t\t\n\t\t\t\t\n\t\t\t\t\n\t\t\t\t\t\t\t\t\t<a rel=\"noopener noreferrer nofollow\" href=\"https:\/\/pinterest.com\/pin\/create\/button\/?url=https:\/\/www.alessandrovalieri.it\/riconoscere-i-sintomi-del-cancro-alla-gola\/&media=https:\/\/www.alessandrovalieri.it\/wp-content\/uploads\/2018\/02\/tumore-alla-laringe-sintomi-cause-rimedi-kTGC-U11001793525368Gs-1024x576@LaStampa.it_.jpg&description=Come+riconoscere+i+sintomi+del+cancro+alla+gola\" target=\"_blank\" class=\" wd-social-icon social-pinterest\" aria-label=\"Pinterest social link\">\n\t\t\t\t\t\t<span class=\"wd-icon\"><\/span>\n\t\t\t\t\t\t\t\t\t\t\t<\/a>\n\t\t\t\t\n\t\t\t\t\n\t\t\t\t\t\t\t\t\t<a rel=\"noopener noreferrer nofollow\" href=\"https:\/\/www.linkedin.com\/shareArticle?mini=true&url=https:\/\/www.alessandrovalieri.it\/riconoscere-i-sintomi-del-cancro-alla-gola\/\" target=\"_blank\" class=\" wd-social-icon social-linkedin\" aria-label=\"Linkedin social link\">\n\t\t\t\t\t\t<span class=\"wd-icon\"><\/span>\n\t\t\t\t\t\t\t\t\t\t\t<\/a>\n\t\t\t\t\n\t\t\t\t\n\t\t\t\t\n\t\t\t\t\n\t\t\t\t\n\t\t\t\t\n\t\t\t\t\n\t\t\t\t\n\t\t\t\t\n\t\t\t\t\n\t\t\t\t\t\t\t\t\n\t\t\t\t\t\t\t\t\n\t\t\t\t\n\t\t\t\t\n\t\t\t\t\t\t\t\t\t<a rel=\"noopener noreferrer nofollow\" href=\"https:\/\/telegram.me\/share\/url?url=https:\/\/www.alessandrovalieri.it\/riconoscere-i-sintomi-del-cancro-alla-gola\/\" target=\"_blank\" class=\" wd-social-icon social-tg\" aria-label=\"Telegram social link\">\n\t\t\t\t\t\t<span class=\"wd-icon\"><\/span>\n\t\t\t\t\t\t\t\t\t\t\t<\/a>\n\t\t\t\t\t\t\t\t\n\t\t\t\t\n\t\t\t<\/div>\n\n\t\t\t\t\t\t\t\t\t<\/div>\n\t\t\t\t\t\t<\/div>\n\t\t\t\t\t\t\t\t\t\t\t\t\n\t\t\t\t\t\t\t\n\t\t\t\t                    <div class=\"entry-content wd-entry-content\">\n\t\t\t\t\t\t<p>Se siete degli appassionati della sigaretta e temete il cancro, la strada migliore \u00e8 senza dubbio quella di smettere di fumare. Capita per\u00f2 che se il vizio \u00e8 stato portato avanti per troppo tempo sia necessario cominciare a controllare che non ci siano sintomi di brutte malattie.<br \/>\nIn tanti associano il fumo al cancro ai polmoni dimenticando l\u2019altro organo che viene colpito maggiormente: la gola. Il tumore alla gola \u00e8 una delle malattie pi\u00f9 gravi che possa venire al fumatore. <\/p>\n\n\t\t\t\t\t\t\t\t\t\t\t<\/div><!-- .entry-content -->\n\t\t\t\t\n\t\t\t\t\t\t\t\t\t\t\t\t\t\t<p class=\"read-more-section\">\n\t\t\t\t\t\t<a class=\"btn-read-more more-link\" href=\"https:\/\/www.alessandrovalieri.it\/riconoscere-i-sintomi-del-cancro-alla-gola\/\">Continue reading<\/a>\t\t\t\t\t<\/p>\n\t\t\t\t\t\t\t\t\t\t\t\n\t\t\t\n\t\t\t\t\t<\/div>\n\t<\/div>\n<\/article><!-- #post -->\n\n\n\t\t\t\t\t\t\t\t\t\t\t\n<article id=\"post-3132\" class=\"wd-post blog-design-mask blog-post-loop blog-style-bg wd-add-shadow wd-col post-3132 post type-post status-publish format-standard has-post-thumbnail hentry category-patologie-gola category-problemi-della-voce tag-balbuzie tag-balbettare tag-balbuzie-terapia tag-balbuzienti tag-smettere-di-balbettare\">\n\t<div class=\"article-inner\">\n\t\t\t\t\t<header class=\"entry-header\">\n\t\t\t\t\t\t\t\t\t<figure id=\"carousel-927\" class=\"entry-thumbnail\">\n\t\t\t\t\t\t\n\t\t\t\t\t\t\t<div class=\"post-img-wrapp\">\n\t\t\t\t\t\t\t\t<a href=\"https:\/\/www.alessandrovalieri.it\/smettere-di-balbettare\/\">\n\t\t\t\t\t\t\t\t\t<img width=\"1024\" height=\"683\" src=\"https:\/\/www.alessandrovalieri.it\/wp-content\/uploads\/2018\/01\/balbuzie-1024x683-1.jpg\" class=\"attachment-large size-large\" alt=\"\" decoding=\"async\" loading=\"lazy\" srcset=\"https:\/\/www.alessandrovalieri.it\/wp-content\/uploads\/2018\/01\/balbuzie-1024x683-1.jpg 1024w, https:\/\/www.alessandrovalieri.it\/wp-content\/uploads\/2018\/01\/balbuzie-1024x683-1-400x267.jpg 400w, https:\/\/www.alessandrovalieri.it\/wp-content\/uploads\/2018\/01\/balbuzie-1024x683-1-768x512.jpg 768w\" sizes=\"auto, (max-width: 1024px) 100vw, 1024px\" \/>\t\t\t\t\t\t\t\t<\/a>\n\t\t\t\t\t\t\t<\/div>\n\t\t\t\t\t\t\t<div class=\"post-image-mask\">\n\t\t\t\t\t\t\t\t<span><\/span>\n\t\t\t\t\t\t\t<\/div>\n\n\t\t\t\t\t\t\n\t\t\t\t\t<\/figure>\n\t\t\t\t\n\t\t\t\t\t\t\t\t\t\t\t\t<div class=\"post-date wd-post-date wd-style-with-bg\">\n\t\t\t\t<span class=\"post-date-day\">\n\t\t\t\t\t19\t\t\t\t<\/span>\n\t\t\t\t<span class=\"post-date-month\">\n\t\t\t\t\tGen\t\t\t\t<\/span>\n\t\t\t<\/div>\n\t\t\t\t\t\t\n\t\t\t<\/header><!-- .entry-header -->\n\n\t\t<div class=\"article-body-container\">\n\t\t\t\n\t\t\t\t\t\t\t\t\t<div class=\"meta-categories-wrapp\"><div class=\"meta-post-categories wd-post-cat wd-style-with-bg\"><a href=\"https:\/\/www.alessandrovalieri.it\/patologie-gola\/\" rel=\"category tag\">Patologie Gola<\/a>, <a href=\"https:\/\/www.alessandrovalieri.it\/problemi-della-voce\/\" rel=\"category tag\">Problemi della voce<\/a><\/div><\/div>\n\t\t\t\t\n\t\t\t\t\t\t\t\t\t<h3 class=\"wd-entities-title title post-title\">\n\t\t\t\t\t\t<a href=\"https:\/\/www.alessandrovalieri.it\/smettere-di-balbettare\/\" rel=\"bookmark\">Come smettere di balbettare<\/a>\n\t\t\t\t\t<\/h3>\n\t\t\t\t\n\t\t\t\t\t\t\t\t\t<div class=\"entry-meta wd-entry-meta\">\n\t\t\t\t\t\t\t\t\t<ul class=\"entry-meta-list\">\n\t\t\t\t\t\t\t\t\t<li class=\"modified-date\">\n\t\t\t\t\t\t\t\t<time class=\"updated\" datetime=\"2024-07-23T10:16:31+00:00\">\n\t\t\tLuglio 23, 2024\t\t<\/time>\n\t\t\t\t\t\t\t<\/li>\n\n\t\t\t\t\t\n\t\t\t\t\t\t\t\t\t\t\t<li class=\"meta-author\">\n\t\t\t\t\t\t\t\t\t\t\t\t<span>By<\/span>\n\t\t\n\t\t\t\t\t\t\t\n\t\t<a href=\"https:\/\/www.alessandrovalieri.it\/author\/webmaster\/\" rel=\"author\">\n\t\t\t<span class=\"vcard author author_name\">\n\t\t\t\t<span class=\"fn\">Paolo Pieraccioli<\/span>\n\t\t\t<\/span>\n\t\t<\/a>\n\t\t\t\t\t\t\t\t<\/li>\n\t\t\t\t\t\n\t\t\t\t\t\n\t\t\t\t\t\t\t\t\t\t\t\t<\/ul>\n\t\t\t\t\t\t\t<\/div><!-- .entry-meta -->\n\t\t\t\t\t\t\t\t\t\t\t<div class=\"hovered-social-icons wd-tltp wd-tltp-top\">\n\t\t\t\t\t\t\t<div class=\"wd-tooltip-label\">\n\t\t\t\t\t\t\t\t\n\t\t\t<div class=\" wd-social-icons  icons-design-default icons-size-small color-scheme-light social-share social-form-circle text-center\">\n\n\t\t\t\t\n\t\t\t\t\t\t\t\t\t<a rel=\"noopener noreferrer nofollow\" href=\"https:\/\/www.facebook.com\/sharer\/sharer.php?u=https:\/\/www.alessandrovalieri.it\/smettere-di-balbettare\/\" target=\"_blank\" class=\" wd-social-icon social-facebook\" aria-label=\"Facebook social link\">\n\t\t\t\t\t\t<span class=\"wd-icon\"><\/span>\n\t\t\t\t\t\t\t\t\t\t\t<\/a>\n\t\t\t\t\n\t\t\t\t\t\t\t\t\t<a rel=\"noopener noreferrer nofollow\" href=\"https:\/\/x.com\/share?url=https:\/\/www.alessandrovalieri.it\/smettere-di-balbettare\/\" target=\"_blank\" class=\" wd-social-icon social-twitter\" aria-label=\"X social link\">\n\t\t\t\t\t\t<span class=\"wd-icon\"><\/span>\n\t\t\t\t\t\t\t\t\t\t\t<\/a>\n\t\t\t\t\n\t\t\t\t\n\t\t\t\t\n\t\t\t\t\n\t\t\t\t\t\t\t\t\t<a rel=\"noopener noreferrer nofollow\" href=\"https:\/\/pinterest.com\/pin\/create\/button\/?url=https:\/\/www.alessandrovalieri.it\/smettere-di-balbettare\/&media=https:\/\/www.alessandrovalieri.it\/wp-content\/uploads\/2018\/01\/balbuzie-1024x683-1.jpg&description=Come+smettere+di+balbettare\" target=\"_blank\" class=\" wd-social-icon social-pinterest\" aria-label=\"Pinterest social link\">\n\t\t\t\t\t\t<span class=\"wd-icon\"><\/span>\n\t\t\t\t\t\t\t\t\t\t\t<\/a>\n\t\t\t\t\n\t\t\t\t\n\t\t\t\t\t\t\t\t\t<a rel=\"noopener noreferrer nofollow\" href=\"https:\/\/www.linkedin.com\/shareArticle?mini=true&url=https:\/\/www.alessandrovalieri.it\/smettere-di-balbettare\/\" target=\"_blank\" class=\" wd-social-icon social-linkedin\" aria-label=\"Linkedin social link\">\n\t\t\t\t\t\t<span class=\"wd-icon\"><\/span>\n\t\t\t\t\t\t\t\t\t\t\t<\/a>\n\t\t\t\t\n\t\t\t\t\n\t\t\t\t\n\t\t\t\t\n\t\t\t\t\n\t\t\t\t\n\t\t\t\t\n\t\t\t\t\n\t\t\t\t\n\t\t\t\t\n\t\t\t\t\t\t\t\t\n\t\t\t\t\t\t\t\t\n\t\t\t\t\n\t\t\t\t\n\t\t\t\t\t\t\t\t\t<a rel=\"noopener noreferrer nofollow\" href=\"https:\/\/telegram.me\/share\/url?url=https:\/\/www.alessandrovalieri.it\/smettere-di-balbettare\/\" target=\"_blank\" class=\" wd-social-icon social-tg\" aria-label=\"Telegram social link\">\n\t\t\t\t\t\t<span class=\"wd-icon\"><\/span>\n\t\t\t\t\t\t\t\t\t\t\t<\/a>\n\t\t\t\t\t\t\t\t\n\t\t\t\t\n\t\t\t<\/div>\n\n\t\t\t\t\t\t\t\t\t<\/div>\n\t\t\t\t\t\t<\/div>\n\t\t\t\t\t\t\t\t\t\t\t\t\n\t\t\t\t\t\t\t\n\t\t\t\t                    <div class=\"entry-content wd-entry-content\">\n\t\t\t\t\t\t<p>\u201cPer diventare re bisogna prima conoscere il mondo reale&#8221;, come dire che per articolare in modo corretto il linguaggio \u00e8 necessario semplicemente prima imparare a parlare con se stessi, sapersi ascoltare, e ancor prima imparare a respirare bene. Controllare al meglio i meccanismi del respiro, dell\u2019emissione della parola e capire come coordinare ed equilibrare corde vocali, diaframma, bocca, gola, addome e polmoni \u00e8 infatti fondamentale per superare la balbuzie. Ci sono passati in tanti, anzi, tantissimi, attraverso la balbuzie. Anche personaggi insospettabili, divenuti poi vere icone dello star system. <\/p>\n\n\t\t\t\t\t\t\t\t\t\t\t<\/div><!-- .entry-content -->\n\t\t\t\t\n\t\t\t\t\t\t\t\t\t\t\t\t\t\t<p class=\"read-more-section\">\n\t\t\t\t\t\t<a class=\"btn-read-more more-link\" href=\"https:\/\/www.alessandrovalieri.it\/smettere-di-balbettare\/\">Continue reading<\/a>\t\t\t\t\t<\/p>\n\t\t\t\t\t\t\t\t\t\t\t\n\t\t\t\n\t\t\t\t\t<\/div>\n\t<\/div>\n<\/article><!-- #post -->\n\n\n\t\t\t\t\t\t\t\t\t\t\t\n<article id=\"post-2977\" class=\"wd-post blog-design-mask blog-post-loop blog-style-bg wd-add-shadow wd-col post-2977 post type-post status-publish format-standard has-post-thumbnail hentry category-patologie-gola category-mal-di-gola tag-alitosi tag-alito-cattivo tag-candida-alla-gola tag-lingua-bianca tag-mughetto\">\n\t<div class=\"article-inner\">\n\t\t\t\t\t<header class=\"entry-header\">\n\t\t\t\t\t\t\t\t\t<figure id=\"carousel-930\" class=\"entry-thumbnail\">\n\t\t\t\t\t\t\n\t\t\t\t\t\t\t<div class=\"post-img-wrapp\">\n\t\t\t\t\t\t\t\t<a href=\"https:\/\/www.alessandrovalieri.it\/lingua-bianca-alito-cattivo-candida-alla-gola\/\">\n\t\t\t\t\t\t\t\t\t<img width=\"1024\" height=\"576\" src=\"https:\/\/www.alessandrovalieri.it\/wp-content\/uploads\/2017\/12\/diseases-cause-white-tongue_5d3ecbd3256aa6b4_qnzB52L1SOuuawA1ia_z4w-1024x576.jpg\" class=\"attachment-large size-large\" alt=\"\" decoding=\"async\" loading=\"lazy\" srcset=\"https:\/\/www.alessandrovalieri.it\/wp-content\/uploads\/2017\/12\/diseases-cause-white-tongue_5d3ecbd3256aa6b4_qnzB52L1SOuuawA1ia_z4w-1024x576.jpg 1024w, https:\/\/www.alessandrovalieri.it\/wp-content\/uploads\/2017\/12\/diseases-cause-white-tongue_5d3ecbd3256aa6b4_qnzB52L1SOuuawA1ia_z4w-300x169.jpg 300w, https:\/\/www.alessandrovalieri.it\/wp-content\/uploads\/2017\/12\/diseases-cause-white-tongue_5d3ecbd3256aa6b4_qnzB52L1SOuuawA1ia_z4w-768x432.jpg 768w, https:\/\/www.alessandrovalieri.it\/wp-content\/uploads\/2017\/12\/diseases-cause-white-tongue_5d3ecbd3256aa6b4_qnzB52L1SOuuawA1ia_z4w-200x113.jpg 200w, https:\/\/www.alessandrovalieri.it\/wp-content\/uploads\/2017\/12\/diseases-cause-white-tongue_5d3ecbd3256aa6b4_qnzB52L1SOuuawA1ia_z4w-400x225.jpg 400w, https:\/\/www.alessandrovalieri.it\/wp-content\/uploads\/2017\/12\/diseases-cause-white-tongue_5d3ecbd3256aa6b4_qnzB52L1SOuuawA1ia_z4w-600x338.jpg 600w, https:\/\/www.alessandrovalieri.it\/wp-content\/uploads\/2017\/12\/diseases-cause-white-tongue_5d3ecbd3256aa6b4_qnzB52L1SOuuawA1ia_z4w-800x450.jpg 800w, https:\/\/www.alessandrovalieri.it\/wp-content\/uploads\/2017\/12\/diseases-cause-white-tongue_5d3ecbd3256aa6b4_qnzB52L1SOuuawA1ia_z4w-1200x675.jpg 1200w, https:\/\/www.alessandrovalieri.it\/wp-content\/uploads\/2017\/12\/diseases-cause-white-tongue_5d3ecbd3256aa6b4_qnzB52L1SOuuawA1ia_z4w.jpg 1400w\" sizes=\"auto, (max-width: 1024px) 100vw, 1024px\" \/>\t\t\t\t\t\t\t\t<\/a>\n\t\t\t\t\t\t\t<\/div>\n\t\t\t\t\t\t\t<div class=\"post-image-mask\">\n\t\t\t\t\t\t\t\t<span><\/span>\n\t\t\t\t\t\t\t<\/div>\n\n\t\t\t\t\t\t\n\t\t\t\t\t<\/figure>\n\t\t\t\t\n\t\t\t\t\t\t\t\t\t\t\t\t<div class=\"post-date wd-post-date wd-style-with-bg\">\n\t\t\t\t<span class=\"post-date-day\">\n\t\t\t\t\t08\t\t\t\t<\/span>\n\t\t\t\t<span class=\"post-date-month\">\n\t\t\t\t\tDic\t\t\t\t<\/span>\n\t\t\t<\/div>\n\t\t\t\t\t\t\n\t\t\t<\/header><!-- .entry-header -->\n\n\t\t<div class=\"article-body-container\">\n\t\t\t\n\t\t\t\t\t\t\t\t\t<div class=\"meta-categories-wrapp\"><div class=\"meta-post-categories wd-post-cat wd-style-with-bg\"><a href=\"https:\/\/www.alessandrovalieri.it\/patologie-gola\/\" rel=\"category tag\">Patologie Gola<\/a>, <a href=\"https:\/\/www.alessandrovalieri.it\/mal-di-gola\/\" rel=\"category tag\">Mal di gola<\/a><\/div><\/div>\n\t\t\t\t\n\t\t\t\t\t\t\t\t\t<h3 class=\"wd-entities-title title post-title\">\n\t\t\t\t\t\t<a href=\"https:\/\/www.alessandrovalieri.it\/lingua-bianca-alito-cattivo-candida-alla-gola\/\" rel=\"bookmark\">Lingua bianca, alito cattivo, candida alla gola<\/a>\n\t\t\t\t\t<\/h3>\n\t\t\t\t\n\t\t\t\t\t\t\t\t\t<div class=\"entry-meta wd-entry-meta\">\n\t\t\t\t\t\t\t\t\t<ul class=\"entry-meta-list\">\n\t\t\t\t\t\t\t\t\t<li class=\"modified-date\">\n\t\t\t\t\t\t\t\t<time class=\"updated\" datetime=\"2024-07-23T10:16:16+00:00\">\n\t\t\tLuglio 23, 2024\t\t<\/time>\n\t\t\t\t\t\t\t<\/li>\n\n\t\t\t\t\t\n\t\t\t\t\t\t\t\t\t\t\t<li class=\"meta-author\">\n\t\t\t\t\t\t\t\t\t\t\t\t<span>By<\/span>\n\t\t\n\t\t\t\t\t\t\t\n\t\t<a href=\"https:\/\/www.alessandrovalieri.it\/author\/webmaster\/\" rel=\"author\">\n\t\t\t<span class=\"vcard author author_name\">\n\t\t\t\t<span class=\"fn\">Paolo Pieraccioli<\/span>\n\t\t\t<\/span>\n\t\t<\/a>\n\t\t\t\t\t\t\t\t<\/li>\n\t\t\t\t\t\n\t\t\t\t\t\n\t\t\t\t\t\t\t\t\t\t\t\t<\/ul>\n\t\t\t\t\t\t\t<\/div><!-- .entry-meta -->\n\t\t\t\t\t\t\t\t\t\t\t<div class=\"hovered-social-icons wd-tltp wd-tltp-top\">\n\t\t\t\t\t\t\t<div class=\"wd-tooltip-label\">\n\t\t\t\t\t\t\t\t\n\t\t\t<div class=\" wd-social-icons  icons-design-default icons-size-small color-scheme-light social-share social-form-circle text-center\">\n\n\t\t\t\t\n\t\t\t\t\t\t\t\t\t<a rel=\"noopener noreferrer nofollow\" href=\"https:\/\/www.facebook.com\/sharer\/sharer.php?u=https:\/\/www.alessandrovalieri.it\/lingua-bianca-alito-cattivo-candida-alla-gola\/\" target=\"_blank\" class=\" wd-social-icon social-facebook\" aria-label=\"Facebook social link\">\n\t\t\t\t\t\t<span class=\"wd-icon\"><\/span>\n\t\t\t\t\t\t\t\t\t\t\t<\/a>\n\t\t\t\t\n\t\t\t\t\t\t\t\t\t<a rel=\"noopener noreferrer nofollow\" href=\"https:\/\/x.com\/share?url=https:\/\/www.alessandrovalieri.it\/lingua-bianca-alito-cattivo-candida-alla-gola\/\" target=\"_blank\" class=\" wd-social-icon social-twitter\" aria-label=\"X social link\">\n\t\t\t\t\t\t<span class=\"wd-icon\"><\/span>\n\t\t\t\t\t\t\t\t\t\t\t<\/a>\n\t\t\t\t\n\t\t\t\t\n\t\t\t\t\n\t\t\t\t\n\t\t\t\t\t\t\t\t\t<a rel=\"noopener noreferrer nofollow\" href=\"https:\/\/pinterest.com\/pin\/create\/button\/?url=https:\/\/www.alessandrovalieri.it\/lingua-bianca-alito-cattivo-candida-alla-gola\/&media=https:\/\/www.alessandrovalieri.it\/wp-content\/uploads\/2017\/12\/diseases-cause-white-tongue_5d3ecbd3256aa6b4_qnzB52L1SOuuawA1ia_z4w.jpg&description=Lingua+bianca%2C+alito+cattivo%2C+candida+alla+gola\" target=\"_blank\" class=\" wd-social-icon social-pinterest\" aria-label=\"Pinterest social link\">\n\t\t\t\t\t\t<span class=\"wd-icon\"><\/span>\n\t\t\t\t\t\t\t\t\t\t\t<\/a>\n\t\t\t\t\n\t\t\t\t\n\t\t\t\t\t\t\t\t\t<a rel=\"noopener noreferrer nofollow\" href=\"https:\/\/www.linkedin.com\/shareArticle?mini=true&url=https:\/\/www.alessandrovalieri.it\/lingua-bianca-alito-cattivo-candida-alla-gola\/\" target=\"_blank\" class=\" wd-social-icon social-linkedin\" aria-label=\"Linkedin social link\">\n\t\t\t\t\t\t<span class=\"wd-icon\"><\/span>\n\t\t\t\t\t\t\t\t\t\t\t<\/a>\n\t\t\t\t\n\t\t\t\t\n\t\t\t\t\n\t\t\t\t\n\t\t\t\t\n\t\t\t\t\n\t\t\t\t\n\t\t\t\t\n\t\t\t\t\n\t\t\t\t\n\t\t\t\t\t\t\t\t\n\t\t\t\t\t\t\t\t\n\t\t\t\t\n\t\t\t\t\n\t\t\t\t\t\t\t\t\t<a rel=\"noopener noreferrer nofollow\" href=\"https:\/\/telegram.me\/share\/url?url=https:\/\/www.alessandrovalieri.it\/lingua-bianca-alito-cattivo-candida-alla-gola\/\" target=\"_blank\" class=\" wd-social-icon social-tg\" aria-label=\"Telegram social link\">\n\t\t\t\t\t\t<span class=\"wd-icon\"><\/span>\n\t\t\t\t\t\t\t\t\t\t\t<\/a>\n\t\t\t\t\t\t\t\t\n\t\t\t\t\n\t\t\t<\/div>\n\n\t\t\t\t\t\t\t\t\t<\/div>\n\t\t\t\t\t\t<\/div>\n\t\t\t\t\t\t\t\t\t\t\t\t\n\t\t\t\t\t\t\t\n\t\t\t\t                    <div class=\"entry-content wd-entry-content\">\n\t\t\t\t\t\t<p>Tutti quanti, chi pi\u00f9 chi meno, siamo soliti specchiarci non appena svegli. Uno sguardo alle occhiaie, uno ai capelli in disordine, l\u2019altro ai punti neri spuntati dal nulla e, da ultimo, una guardatina in bocca, una sbirciatina alla lingua e\u2026 sorpresa! Orrore! Vergogna! Lo specchio non mente. La nostra bella lingua non sembra affatto in forma: \u00e8 tutta bianca e spugnosa. Per farla breve, non ha affatto una bella cera! E questo \u00e8 un problema, perch\u00e9 la lingua, oltre a svolgere compiti fondamentali \u2013 come aiutarci ad  articolare i suoni, a masticare il cibo, percepirne il sapore e contribuire alla pulizia dei denti \u2013 segnala se il nostro organismo \u00e8 in buona salute. Non \u00e8 un caso, infatti, se durante anche una normalissima visita di routine il medico ci chiede di  tirare fuori la lingua. <\/p>\n\n\t\t\t\t\t\t\t\t\t\t\t<\/div><!-- .entry-content -->\n\t\t\t\t\n\t\t\t\t\t\t\t\t\t\t\t\t\t\t<p class=\"read-more-section\">\n\t\t\t\t\t\t<a class=\"btn-read-more more-link\" href=\"https:\/\/www.alessandrovalieri.it\/lingua-bianca-alito-cattivo-candida-alla-gola\/\">Continue reading<\/a>\t\t\t\t\t<\/p>\n\t\t\t\t\t\t\t\t\t\t\t\n\t\t\t\n\t\t\t\t\t<\/div>\n\t<\/div>\n<\/article><!-- #post -->\n\n\n\t\t\t\t\t\t\t\t\t\t\t\n<article id=\"post-2873\" class=\"wd-post blog-design-mask blog-post-loop blog-style-bg wd-add-shadow wd-col post-2873 post type-post status-publish format-standard has-post-thumbnail hentry category-patologie-gola category-mal-di-gola tag-tosse tag-febbricola tag-febbricola-persistente tag-fiacca tag-stanchezza tag-mal-di-gola\">\n\t<div class=\"article-inner\">\n\t\t\t\t\t<header class=\"entry-header\">\n\t\t\t\t\t\t\t\t\t<figure id=\"carousel-496\" class=\"entry-thumbnail\">\n\t\t\t\t\t\t\n\t\t\t\t\t\t\t<div class=\"post-img-wrapp\">\n\t\t\t\t\t\t\t\t<a href=\"https:\/\/www.alessandrovalieri.it\/febbricola-persistente-mal-di-gola\/\">\n\t\t\t\t\t\t\t\t\t<img width=\"1024\" height=\"683\" src=\"https:\/\/www.alessandrovalieri.it\/wp-content\/uploads\/2017\/11\/bimbo_febbre-1024x683.jpg\" class=\"attachment-large size-large\" alt=\"\" decoding=\"async\" loading=\"lazy\" srcset=\"https:\/\/www.alessandrovalieri.it\/wp-content\/uploads\/2017\/11\/bimbo_febbre-1024x683.jpg 1024w, https:\/\/www.alessandrovalieri.it\/wp-content\/uploads\/2017\/11\/bimbo_febbre-300x200.jpg 300w, https:\/\/www.alessandrovalieri.it\/wp-content\/uploads\/2017\/11\/bimbo_febbre-768x512.jpg 768w, https:\/\/www.alessandrovalieri.it\/wp-content\/uploads\/2017\/11\/bimbo_febbre-200x133.jpg 200w, https:\/\/www.alessandrovalieri.it\/wp-content\/uploads\/2017\/11\/bimbo_febbre-400x267.jpg 400w, https:\/\/www.alessandrovalieri.it\/wp-content\/uploads\/2017\/11\/bimbo_febbre-600x400.jpg 600w, https:\/\/www.alessandrovalieri.it\/wp-content\/uploads\/2017\/11\/bimbo_febbre-800x533.jpg 800w, https:\/\/www.alessandrovalieri.it\/wp-content\/uploads\/2017\/11\/bimbo_febbre.jpg 1200w\" sizes=\"auto, (max-width: 1024px) 100vw, 1024px\" \/>\t\t\t\t\t\t\t\t<\/a>\n\t\t\t\t\t\t\t<\/div>\n\t\t\t\t\t\t\t<div class=\"post-image-mask\">\n\t\t\t\t\t\t\t\t<span><\/span>\n\t\t\t\t\t\t\t<\/div>\n\n\t\t\t\t\t\t\n\t\t\t\t\t<\/figure>\n\t\t\t\t\n\t\t\t\t\t\t\t\t\t\t\t\t<div class=\"post-date wd-post-date wd-style-with-bg\">\n\t\t\t\t<span class=\"post-date-day\">\n\t\t\t\t\t24\t\t\t\t<\/span>\n\t\t\t\t<span class=\"post-date-month\">\n\t\t\t\t\tNov\t\t\t\t<\/span>\n\t\t\t<\/div>\n\t\t\t\t\t\t\n\t\t\t<\/header><!-- .entry-header -->\n\n\t\t<div class=\"article-body-container\">\n\t\t\t\n\t\t\t\t\t\t\t\t\t<div class=\"meta-categories-wrapp\"><div class=\"meta-post-categories wd-post-cat wd-style-with-bg\"><a href=\"https:\/\/www.alessandrovalieri.it\/patologie-gola\/\" rel=\"category tag\">Patologie Gola<\/a>, <a href=\"https:\/\/www.alessandrovalieri.it\/mal-di-gola\/\" rel=\"category tag\">Mal di gola<\/a><\/div><\/div>\n\t\t\t\t\n\t\t\t\t\t\t\t\t\t<h3 class=\"wd-entities-title title post-title\">\n\t\t\t\t\t\t<a href=\"https:\/\/www.alessandrovalieri.it\/febbricola-persistente-mal-di-gola\/\" rel=\"bookmark\">Febbricola persistente e mal di gola<\/a>\n\t\t\t\t\t<\/h3>\n\t\t\t\t\n\t\t\t\t\t\t\t\t\t<div class=\"entry-meta wd-entry-meta\">\n\t\t\t\t\t\t\t\t\t<ul class=\"entry-meta-list\">\n\t\t\t\t\t\t\t\t\t<li class=\"modified-date\">\n\t\t\t\t\t\t\t\t<time class=\"updated\" datetime=\"2024-07-22T16:18:57+00:00\">\n\t\t\tLuglio 22, 2024\t\t<\/time>\n\t\t\t\t\t\t\t<\/li>\n\n\t\t\t\t\t\n\t\t\t\t\t\t\t\t\t\t\t<li class=\"meta-author\">\n\t\t\t\t\t\t\t\t\t\t\t\t<span>By<\/span>\n\t\t\n\t\t\t\t\t\t\t\n\t\t<a href=\"https:\/\/www.alessandrovalieri.it\/author\/webmaster\/\" rel=\"author\">\n\t\t\t<span class=\"vcard author author_name\">\n\t\t\t\t<span class=\"fn\">Paolo Pieraccioli<\/span>\n\t\t\t<\/span>\n\t\t<\/a>\n\t\t\t\t\t\t\t\t<\/li>\n\t\t\t\t\t\n\t\t\t\t\t\n\t\t\t\t\t\t\t\t\t\t\t\t<\/ul>\n\t\t\t\t\t\t\t<\/div><!-- .entry-meta -->\n\t\t\t\t\t\t\t\t\t\t\t<div class=\"hovered-social-icons wd-tltp wd-tltp-top\">\n\t\t\t\t\t\t\t<div class=\"wd-tooltip-label\">\n\t\t\t\t\t\t\t\t\n\t\t\t<div class=\" wd-social-icons  icons-design-default icons-size-small color-scheme-light social-share social-form-circle text-center\">\n\n\t\t\t\t\n\t\t\t\t\t\t\t\t\t<a rel=\"noopener noreferrer nofollow\" href=\"https:\/\/www.facebook.com\/sharer\/sharer.php?u=https:\/\/www.alessandrovalieri.it\/febbricola-persistente-mal-di-gola\/\" target=\"_blank\" class=\" wd-social-icon social-facebook\" aria-label=\"Facebook social link\">\n\t\t\t\t\t\t<span class=\"wd-icon\"><\/span>\n\t\t\t\t\t\t\t\t\t\t\t<\/a>\n\t\t\t\t\n\t\t\t\t\t\t\t\t\t<a rel=\"noopener noreferrer nofollow\" href=\"https:\/\/x.com\/share?url=https:\/\/www.alessandrovalieri.it\/febbricola-persistente-mal-di-gola\/\" target=\"_blank\" class=\" wd-social-icon social-twitter\" aria-label=\"X social link\">\n\t\t\t\t\t\t<span class=\"wd-icon\"><\/span>\n\t\t\t\t\t\t\t\t\t\t\t<\/a>\n\t\t\t\t\n\t\t\t\t\n\t\t\t\t\n\t\t\t\t\n\t\t\t\t\t\t\t\t\t<a rel=\"noopener noreferrer nofollow\" href=\"https:\/\/pinterest.com\/pin\/create\/button\/?url=https:\/\/www.alessandrovalieri.it\/febbricola-persistente-mal-di-gola\/&media=https:\/\/www.alessandrovalieri.it\/wp-content\/uploads\/2017\/11\/bimbo_febbre.jpg&description=Febbricola+persistente+e+mal+di+gola\" target=\"_blank\" class=\" wd-social-icon social-pinterest\" aria-label=\"Pinterest social link\">\n\t\t\t\t\t\t<span class=\"wd-icon\"><\/span>\n\t\t\t\t\t\t\t\t\t\t\t<\/a>\n\t\t\t\t\n\t\t\t\t\n\t\t\t\t\t\t\t\t\t<a rel=\"noopener noreferrer nofollow\" href=\"https:\/\/www.linkedin.com\/shareArticle?mini=true&url=https:\/\/www.alessandrovalieri.it\/febbricola-persistente-mal-di-gola\/\" target=\"_blank\" class=\" wd-social-icon social-linkedin\" aria-label=\"Linkedin social link\">\n\t\t\t\t\t\t<span class=\"wd-icon\"><\/span>\n\t\t\t\t\t\t\t\t\t\t\t<\/a>\n\t\t\t\t\n\t\t\t\t\n\t\t\t\t\n\t\t\t\t\n\t\t\t\t\n\t\t\t\t\n\t\t\t\t\n\t\t\t\t\n\t\t\t\t\n\t\t\t\t\n\t\t\t\t\t\t\t\t\n\t\t\t\t\t\t\t\t\n\t\t\t\t\n\t\t\t\t\n\t\t\t\t\t\t\t\t\t<a rel=\"noopener noreferrer nofollow\" href=\"https:\/\/telegram.me\/share\/url?url=https:\/\/www.alessandrovalieri.it\/febbricola-persistente-mal-di-gola\/\" target=\"_blank\" class=\" wd-social-icon social-tg\" aria-label=\"Telegram social link\">\n\t\t\t\t\t\t<span class=\"wd-icon\"><\/span>\n\t\t\t\t\t\t\t\t\t\t\t<\/a>\n\t\t\t\t\t\t\t\t\n\t\t\t\t\n\t\t\t<\/div>\n\n\t\t\t\t\t\t\t\t\t<\/div>\n\t\t\t\t\t\t<\/div>\n\t\t\t\t\t\t\t\t\t\t\t\t\n\t\t\t\t\t\t\t\n\t\t\t\t                    <div class=\"entry-content wd-entry-content\">\n\t\t\t\t\t\t<p>Avete presente quella antipatica febbricola, alle volte accompagnata da tosse e mal di gola, ma spesso molto pi\u00f9 subdola perch\u00e9 solita presentarsi \u2018in solitudine\u2019 e senza una causa precisa o facilmente individuabile?<\/p>\n\n\t\t\t\t\t\t\t\t\t\t\t<\/div><!-- .entry-content -->\n\t\t\t\t\n\t\t\t\t\t\t\t\t\t\t\t\t\t\t<p class=\"read-more-section\">\n\t\t\t\t\t\t<a class=\"btn-read-more more-link\" href=\"https:\/\/www.alessandrovalieri.it\/febbricola-persistente-mal-di-gola\/\">Continue reading<\/a>\t\t\t\t\t<\/p>\n\t\t\t\t\t\t\t\t\t\t\t\n\t\t\t\n\t\t\t\t\t<\/div>\n\t<\/div>\n<\/article><!-- #post -->\n\n\n\t\t\t\t\t\t\t\t\t\t\t\n<article id=\"post-2802\" class=\"wd-post blog-design-mask blog-post-loop blog-style-bg wd-add-shadow wd-col post-2802 post type-post status-publish format-standard has-post-thumbnail hentry category-patologie-gola category-mal-di-gola tag-laringite tag-reflusso tag-abbassamento-della-voce tag-raucedine tag-gola-irritata tag-tosse-secca\">\n\t<div class=\"article-inner\">\n\t\t\t\t\t<header class=\"entry-header\">\n\t\t\t\t\t\t\t\t\t<figure id=\"carousel-610\" class=\"entry-thumbnail\">\n\t\t\t\t\t\t\n\t\t\t\t\t\t\t<div class=\"post-img-wrapp\">\n\t\t\t\t\t\t\t\t<a href=\"https:\/\/www.alessandrovalieri.it\/gola-irritata-tosse-secca-abbassamento-voce\/\">\n\t\t\t\t\t\t\t\t\t<img width=\"1024\" height=\"750\" src=\"https:\/\/www.alessandrovalieri.it\/wp-content\/uploads\/2017\/11\/mal-di-gola-1024x750.jpg\" class=\"attachment-large size-large\" alt=\"\" decoding=\"async\" loading=\"lazy\" srcset=\"https:\/\/www.alessandrovalieri.it\/wp-content\/uploads\/2017\/11\/mal-di-gola-1024x750.jpg 1024w, https:\/\/www.alessandrovalieri.it\/wp-content\/uploads\/2017\/11\/mal-di-gola-300x220.jpg 300w, https:\/\/www.alessandrovalieri.it\/wp-content\/uploads\/2017\/11\/mal-di-gola-768x562.jpg 768w, https:\/\/www.alessandrovalieri.it\/wp-content\/uploads\/2017\/11\/mal-di-gola-200x146.jpg 200w, https:\/\/www.alessandrovalieri.it\/wp-content\/uploads\/2017\/11\/mal-di-gola-400x293.jpg 400w, https:\/\/www.alessandrovalieri.it\/wp-content\/uploads\/2017\/11\/mal-di-gola-600x439.jpg 600w, https:\/\/www.alessandrovalieri.it\/wp-content\/uploads\/2017\/11\/mal-di-gola-800x586.jpg 800w, https:\/\/www.alessandrovalieri.it\/wp-content\/uploads\/2017\/11\/mal-di-gola-1200x878.jpg 1200w, https:\/\/www.alessandrovalieri.it\/wp-content\/uploads\/2017\/11\/mal-di-gola.jpg 2026w\" sizes=\"auto, (max-width: 1024px) 100vw, 1024px\" \/>\t\t\t\t\t\t\t\t<\/a>\n\t\t\t\t\t\t\t<\/div>\n\t\t\t\t\t\t\t<div class=\"post-image-mask\">\n\t\t\t\t\t\t\t\t<span><\/span>\n\t\t\t\t\t\t\t<\/div>\n\n\t\t\t\t\t\t\n\t\t\t\t\t<\/figure>\n\t\t\t\t\n\t\t\t\t\t\t\t\t\t\t\t\t<div class=\"post-date wd-post-date wd-style-with-bg\">\n\t\t\t\t<span class=\"post-date-day\">\n\t\t\t\t\t10\t\t\t\t<\/span>\n\t\t\t\t<span class=\"post-date-month\">\n\t\t\t\t\tNov\t\t\t\t<\/span>\n\t\t\t<\/div>\n\t\t\t\t\t\t\n\t\t\t<\/header><!-- .entry-header -->\n\n\t\t<div class=\"article-body-container\">\n\t\t\t\n\t\t\t\t\t\t\t\t\t<div class=\"meta-categories-wrapp\"><div class=\"meta-post-categories wd-post-cat wd-style-with-bg\"><a href=\"https:\/\/www.alessandrovalieri.it\/patologie-gola\/\" rel=\"category tag\">Patologie Gola<\/a>, <a href=\"https:\/\/www.alessandrovalieri.it\/mal-di-gola\/\" rel=\"category tag\">Mal di gola<\/a><\/div><\/div>\n\t\t\t\t\n\t\t\t\t\t\t\t\t\t<h3 class=\"wd-entities-title title post-title\">\n\t\t\t\t\t\t<a href=\"https:\/\/www.alessandrovalieri.it\/gola-irritata-tosse-secca-abbassamento-voce\/\" rel=\"bookmark\">Gola irritata tosse secca e abbassamento voce<\/a>\n\t\t\t\t\t<\/h3>\n\t\t\t\t\n\t\t\t\t\t\t\t\t\t<div class=\"entry-meta wd-entry-meta\">\n\t\t\t\t\t\t\t\t\t<ul class=\"entry-meta-list\">\n\t\t\t\t\t\t\t\t\t<li class=\"modified-date\">\n\t\t\t\t\t\t\t\t<time class=\"updated\" datetime=\"2024-07-22T14:36:20+00:00\">\n\t\t\tLuglio 22, 2024\t\t<\/time>\n\t\t\t\t\t\t\t<\/li>\n\n\t\t\t\t\t\n\t\t\t\t\t\t\t\t\t\t\t<li class=\"meta-author\">\n\t\t\t\t\t\t\t\t\t\t\t\t<span>By<\/span>\n\t\t\n\t\t\t\t\t\t\t\n\t\t<a href=\"https:\/\/www.alessandrovalieri.it\/author\/webmaster\/\" rel=\"author\">\n\t\t\t<span class=\"vcard author author_name\">\n\t\t\t\t<span class=\"fn\">Paolo Pieraccioli<\/span>\n\t\t\t<\/span>\n\t\t<\/a>\n\t\t\t\t\t\t\t\t<\/li>\n\t\t\t\t\t\n\t\t\t\t\t\n\t\t\t\t\t\t\t\t\t\t\t\t<\/ul>\n\t\t\t\t\t\t\t<\/div><!-- .entry-meta -->\n\t\t\t\t\t\t\t\t\t\t\t<div class=\"hovered-social-icons wd-tltp wd-tltp-top\">\n\t\t\t\t\t\t\t<div class=\"wd-tooltip-label\">\n\t\t\t\t\t\t\t\t\n\t\t\t<div class=\" wd-social-icons  icons-design-default icons-size-small color-scheme-light social-share social-form-circle text-center\">\n\n\t\t\t\t\n\t\t\t\t\t\t\t\t\t<a rel=\"noopener noreferrer nofollow\" href=\"https:\/\/www.facebook.com\/sharer\/sharer.php?u=https:\/\/www.alessandrovalieri.it\/gola-irritata-tosse-secca-abbassamento-voce\/\" target=\"_blank\" class=\" wd-social-icon social-facebook\" aria-label=\"Facebook social link\">\n\t\t\t\t\t\t<span class=\"wd-icon\"><\/span>\n\t\t\t\t\t\t\t\t\t\t\t<\/a>\n\t\t\t\t\n\t\t\t\t\t\t\t\t\t<a rel=\"noopener noreferrer nofollow\" href=\"https:\/\/x.com\/share?url=https:\/\/www.alessandrovalieri.it\/gola-irritata-tosse-secca-abbassamento-voce\/\" target=\"_blank\" class=\" wd-social-icon social-twitter\" aria-label=\"X social link\">\n\t\t\t\t\t\t<span class=\"wd-icon\"><\/span>\n\t\t\t\t\t\t\t\t\t\t\t<\/a>\n\t\t\t\t\n\t\t\t\t\n\t\t\t\t\n\t\t\t\t\n\t\t\t\t\t\t\t\t\t<a rel=\"noopener noreferrer nofollow\" href=\"https:\/\/pinterest.com\/pin\/create\/button\/?url=https:\/\/www.alessandrovalieri.it\/gola-irritata-tosse-secca-abbassamento-voce\/&media=https:\/\/www.alessandrovalieri.it\/wp-content\/uploads\/2017\/11\/mal-di-gola.jpg&description=Gola+irritata+tosse+secca+e+abbassamento+voce\" target=\"_blank\" class=\" wd-social-icon social-pinterest\" aria-label=\"Pinterest social link\">\n\t\t\t\t\t\t<span class=\"wd-icon\"><\/span>\n\t\t\t\t\t\t\t\t\t\t\t<\/a>\n\t\t\t\t\n\t\t\t\t\n\t\t\t\t\t\t\t\t\t<a rel=\"noopener noreferrer nofollow\" href=\"https:\/\/www.linkedin.com\/shareArticle?mini=true&url=https:\/\/www.alessandrovalieri.it\/gola-irritata-tosse-secca-abbassamento-voce\/\" target=\"_blank\" class=\" wd-social-icon social-linkedin\" aria-label=\"Linkedin social link\">\n\t\t\t\t\t\t<span class=\"wd-icon\"><\/span>\n\t\t\t\t\t\t\t\t\t\t\t<\/a>\n\t\t\t\t\n\t\t\t\t\n\t\t\t\t\n\t\t\t\t\n\t\t\t\t\n\t\t\t\t\n\t\t\t\t\n\t\t\t\t\n\t\t\t\t\n\t\t\t\t\n\t\t\t\t\t\t\t\t\n\t\t\t\t\t\t\t\t\n\t\t\t\t\n\t\t\t\t\n\t\t\t\t\t\t\t\t\t<a rel=\"noopener noreferrer nofollow\" href=\"https:\/\/telegram.me\/share\/url?url=https:\/\/www.alessandrovalieri.it\/gola-irritata-tosse-secca-abbassamento-voce\/\" target=\"_blank\" class=\" wd-social-icon social-tg\" aria-label=\"Telegram social link\">\n\t\t\t\t\t\t<span class=\"wd-icon\"><\/span>\n\t\t\t\t\t\t\t\t\t\t\t<\/a>\n\t\t\t\t\t\t\t\t\n\t\t\t\t\n\t\t\t<\/div>\n\n\t\t\t\t\t\t\t\t\t<\/div>\n\t\t\t\t\t\t<\/div>\n\t\t\t\t\t\t\t\t\t\t\t\t\n\t\t\t\t\t\t\t\n\t\t\t\t                    <div class=\"entry-content wd-entry-content\">\n\t\t\t\t\t\t<p>Molto spesso, gola irritata e naso chiuso, sintomi di un\u2019infiammazione della mucosa che protegge le vie respiratorie, sono la causa scatenante altre patologie come la raucedine, o abbassamento della voce, o ancora laringite, faringite e faringite da reflusso. <\/p>\n\n\t\t\t\t\t\t\t\t\t\t\t<\/div><!-- .entry-content -->\n\t\t\t\t\n\t\t\t\t\t\t\t\t\t\t\t\t\t\t<p class=\"read-more-section\">\n\t\t\t\t\t\t<a class=\"btn-read-more more-link\" href=\"https:\/\/www.alessandrovalieri.it\/gola-irritata-tosse-secca-abbassamento-voce\/\">Continue reading<\/a>\t\t\t\t\t<\/p>\n\t\t\t\t\t\t\t\t\t\t\t\n\t\t\t\n\t\t\t\t\t<\/div>\n\t<\/div>\n<\/article><!-- #post -->\n\n\n\t\t\t\t\t\t\t\t\t\t\t\n<article id=\"post-2267\" class=\"wd-post blog-design-mask blog-post-loop blog-style-bg wd-add-shadow wd-col post-2267 post type-post status-publish format-standard has-post-thumbnail hentry category-patologie-gola category-mal-di-gola tag-gola tag-mal-di-gola\">\n\t<div class=\"article-inner\">\n\t\t\t\t\t<header class=\"entry-header\">\n\t\t\t\t\t\t\t\t\t<figure id=\"carousel-380\" class=\"entry-thumbnail\">\n\t\t\t\t\t\t\n\t\t\t\t\t\t\t<div class=\"post-img-wrapp\">\n\t\t\t\t\t\t\t\t<a href=\"https:\/\/www.alessandrovalieri.it\/mal-di-gola-che-non-passa\/\">\n\t\t\t\t\t\t\t\t\t<img width=\"500\" height=\"325\" src=\"https:\/\/www.alessandrovalieri.it\/wp-content\/uploads\/2017\/04\/mal-di-gola-generico.jpg\" class=\"attachment-large size-large\" alt=\"\" decoding=\"async\" loading=\"lazy\" srcset=\"https:\/\/www.alessandrovalieri.it\/wp-content\/uploads\/2017\/04\/mal-di-gola-generico.jpg 500w, https:\/\/www.alessandrovalieri.it\/wp-content\/uploads\/2017\/04\/mal-di-gola-generico-300x195.jpg 300w, https:\/\/www.alessandrovalieri.it\/wp-content\/uploads\/2017\/04\/mal-di-gola-generico-200x130.jpg 200w, https:\/\/www.alessandrovalieri.it\/wp-content\/uploads\/2017\/04\/mal-di-gola-generico-400x260.jpg 400w\" sizes=\"auto, (max-width: 500px) 100vw, 500px\" \/>\t\t\t\t\t\t\t\t<\/a>\n\t\t\t\t\t\t\t<\/div>\n\t\t\t\t\t\t\t<div class=\"post-image-mask\">\n\t\t\t\t\t\t\t\t<span><\/span>\n\t\t\t\t\t\t\t<\/div>\n\n\t\t\t\t\t\t\n\t\t\t\t\t<\/figure>\n\t\t\t\t\n\t\t\t\t\t\t\t\t\t\t\t\t<div class=\"post-date wd-post-date wd-style-with-bg\">\n\t\t\t\t<span class=\"post-date-day\">\n\t\t\t\t\t02\t\t\t\t<\/span>\n\t\t\t\t<span class=\"post-date-month\">\n\t\t\t\t\tApr\t\t\t\t<\/span>\n\t\t\t<\/div>\n\t\t\t\t\t\t\n\t\t\t<\/header><!-- .entry-header -->\n\n\t\t<div class=\"article-body-container\">\n\t\t\t\n\t\t\t\t\t\t\t\t\t<div class=\"meta-categories-wrapp\"><div class=\"meta-post-categories wd-post-cat wd-style-with-bg\"><a href=\"https:\/\/www.alessandrovalieri.it\/patologie-gola\/\" rel=\"category tag\">Patologie Gola<\/a>, <a href=\"https:\/\/www.alessandrovalieri.it\/mal-di-gola\/\" rel=\"category tag\">Mal di gola<\/a><\/div><\/div>\n\t\t\t\t\n\t\t\t\t\t\t\t\t\t<h3 class=\"wd-entities-title title post-title\">\n\t\t\t\t\t\t<a href=\"https:\/\/www.alessandrovalieri.it\/mal-di-gola-che-non-passa\/\" rel=\"bookmark\">Il mal di gola non passa. Cosa fare<\/a>\n\t\t\t\t\t<\/h3>\n\t\t\t\t\n\t\t\t\t\t\t\t\t\t<div class=\"entry-meta wd-entry-meta\">\n\t\t\t\t\t\t\t\t\t<ul class=\"entry-meta-list\">\n\t\t\t\t\t\t\t\t\t<li class=\"modified-date\">\n\t\t\t\t\t\t\t\t<time class=\"updated\" datetime=\"2025-02-17T15:36:08+00:00\">\n\t\t\tFebbraio 17, 2025\t\t<\/time>\n\t\t\t\t\t\t\t<\/li>\n\n\t\t\t\t\t\n\t\t\t\t\t\t\t\t\t\t\t<li class=\"meta-author\">\n\t\t\t\t\t\t\t\t\t\t\t\t<span>By<\/span>\n\t\t\n\t\t\t\t\t\t\t\n\t\t<a href=\"https:\/\/www.alessandrovalieri.it\/author\/webmaster\/\" rel=\"author\">\n\t\t\t<span class=\"vcard author author_name\">\n\t\t\t\t<span class=\"fn\">Paolo Pieraccioli<\/span>\n\t\t\t<\/span>\n\t\t<\/a>\n\t\t\t\t\t\t\t\t<\/li>\n\t\t\t\t\t\n\t\t\t\t\t\n\t\t\t\t\t\t\t\t\t\t\t\t<\/ul>\n\t\t\t\t\t\t\t<\/div><!-- .entry-meta -->\n\t\t\t\t\t\t\t\t\t\t\t<div class=\"hovered-social-icons wd-tltp wd-tltp-top\">\n\t\t\t\t\t\t\t<div class=\"wd-tooltip-label\">\n\t\t\t\t\t\t\t\t\n\t\t\t<div class=\" wd-social-icons  icons-design-default icons-size-small color-scheme-light social-share social-form-circle text-center\">\n\n\t\t\t\t\n\t\t\t\t\t\t\t\t\t<a rel=\"noopener noreferrer nofollow\" href=\"https:\/\/www.facebook.com\/sharer\/sharer.php?u=https:\/\/www.alessandrovalieri.it\/mal-di-gola-che-non-passa\/\" target=\"_blank\" class=\" wd-social-icon social-facebook\" aria-label=\"Facebook social link\">\n\t\t\t\t\t\t<span class=\"wd-icon\"><\/span>\n\t\t\t\t\t\t\t\t\t\t\t<\/a>\n\t\t\t\t\n\t\t\t\t\t\t\t\t\t<a rel=\"noopener noreferrer nofollow\" href=\"https:\/\/x.com\/share?url=https:\/\/www.alessandrovalieri.it\/mal-di-gola-che-non-passa\/\" target=\"_blank\" class=\" wd-social-icon social-twitter\" aria-label=\"X social link\">\n\t\t\t\t\t\t<span class=\"wd-icon\"><\/span>\n\t\t\t\t\t\t\t\t\t\t\t<\/a>\n\t\t\t\t\n\t\t\t\t\n\t\t\t\t\n\t\t\t\t\n\t\t\t\t\t\t\t\t\t<a rel=\"noopener noreferrer nofollow\" href=\"https:\/\/pinterest.com\/pin\/create\/button\/?url=https:\/\/www.alessandrovalieri.it\/mal-di-gola-che-non-passa\/&media=https:\/\/www.alessandrovalieri.it\/wp-content\/uploads\/2017\/04\/mal-di-gola-generico.jpg&description=Il+mal+di+gola+non+passa.+Cosa+fare\" target=\"_blank\" class=\" wd-social-icon social-pinterest\" aria-label=\"Pinterest social link\">\n\t\t\t\t\t\t<span class=\"wd-icon\"><\/span>\n\t\t\t\t\t\t\t\t\t\t\t<\/a>\n\t\t\t\t\n\t\t\t\t\n\t\t\t\t\t\t\t\t\t<a rel=\"noopener noreferrer nofollow\" href=\"https:\/\/www.linkedin.com\/shareArticle?mini=true&url=https:\/\/www.alessandrovalieri.it\/mal-di-gola-che-non-passa\/\" target=\"_blank\" class=\" wd-social-icon social-linkedin\" aria-label=\"Linkedin social link\">\n\t\t\t\t\t\t<span class=\"wd-icon\"><\/span>\n\t\t\t\t\t\t\t\t\t\t\t<\/a>\n\t\t\t\t\n\t\t\t\t\n\t\t\t\t\n\t\t\t\t\n\t\t\t\t\n\t\t\t\t\n\t\t\t\t\n\t\t\t\t\n\t\t\t\t\n\t\t\t\t\n\t\t\t\t\t\t\t\t\n\t\t\t\t\t\t\t\t\n\t\t\t\t\n\t\t\t\t\n\t\t\t\t\t\t\t\t\t<a rel=\"noopener noreferrer nofollow\" href=\"https:\/\/telegram.me\/share\/url?url=https:\/\/www.alessandrovalieri.it\/mal-di-gola-che-non-passa\/\" target=\"_blank\" class=\" wd-social-icon social-tg\" aria-label=\"Telegram social link\">\n\t\t\t\t\t\t<span class=\"wd-icon\"><\/span>\n\t\t\t\t\t\t\t\t\t\t\t<\/a>\n\t\t\t\t\t\t\t\t\n\t\t\t\t\n\t\t\t<\/div>\n\n\t\t\t\t\t\t\t\t\t<\/div>\n\t\t\t\t\t\t<\/div>\n\t\t\t\t\t\t\t\t\t\t\t\t\n\t\t\t\t\t\t\t\n\t\t\t\t                    <div class=\"entry-content wd-entry-content\">\n\t\t\t\t\t\t<p>Il mal di gola non passa per mesi e settimane? Le cause potrebbero essere molte ma prima andiamo a vedere a che cosa \u00e8 dovuta e perch\u00e9 viene la faringite. Il disturbo pu\u00f2 essere sia acuto sia cronico e viene descritto dai pazienti come un dolore forte, sordo, lancinante o come bruciore. Le cause del mal di gola possono essere diverse.<\/p>\n\n\t\t\t\t\t\t\t\t\t\t\t<\/div><!-- .entry-content -->\n\t\t\t\t\n\t\t\t\t\t\t\t\t\t\t\t\t\t\t<p class=\"read-more-section\">\n\t\t\t\t\t\t<a class=\"btn-read-more more-link\" href=\"https:\/\/www.alessandrovalieri.it\/mal-di-gola-che-non-passa\/\">Continue reading<\/a>\t\t\t\t\t<\/p>\n\t\t\t\t\t\t\t\t\t\t\t\n\t\t\t\n\t\t\t\t\t<\/div>\n\t<\/div>\n<\/article><!-- #post -->\n\n\n\t\t\t\t\t\t\t\t\t\t\t\n<article id=\"post-2727\" class=\"wd-post blog-design-mask blog-post-loop blog-style-bg wd-add-shadow wd-col post-2727 post type-post status-publish format-standard has-post-thumbnail hentry category-patologie-gola category-reflusso tag-catarro-in-gola tag-dieta-per-reflusso tag-faringite-cronica tag-faringite-da-reflusso tag-nodo-alla-gola tag-catarro\">\n\t<div class=\"article-inner\">\n\t\t\t\t\t<header class=\"entry-header\">\n\t\t\t\t\t\t\t\t\t<figure id=\"carousel-433\" class=\"entry-thumbnail\">\n\t\t\t\t\t\t\n\t\t\t\t\t\t\t<div class=\"post-img-wrapp\">\n\t\t\t\t\t\t\t\t<a href=\"https:\/\/www.alessandrovalieri.it\/cosa-mangiare-con-la-faringite-da-reflusso\/\">\n\t\t\t\t\t\t\t\t\t<img width=\"1024\" height=\"600\" src=\"https:\/\/www.alessandrovalieri.it\/wp-content\/uploads\/2017\/11\/il-reflusso-causa-la-tosse-ecco-i-rimedi-naturali-1024x600.jpg\" class=\"attachment-large size-large\" alt=\"\" decoding=\"async\" loading=\"lazy\" srcset=\"https:\/\/www.alessandrovalieri.it\/wp-content\/uploads\/2017\/11\/il-reflusso-causa-la-tosse-ecco-i-rimedi-naturali-1024x600.jpg 1024w, https:\/\/www.alessandrovalieri.it\/wp-content\/uploads\/2017\/11\/il-reflusso-causa-la-tosse-ecco-i-rimedi-naturali-300x176.jpg 300w, https:\/\/www.alessandrovalieri.it\/wp-content\/uploads\/2017\/11\/il-reflusso-causa-la-tosse-ecco-i-rimedi-naturali-768x450.jpg 768w, https:\/\/www.alessandrovalieri.it\/wp-content\/uploads\/2017\/11\/il-reflusso-causa-la-tosse-ecco-i-rimedi-naturali-200x117.jpg 200w, https:\/\/www.alessandrovalieri.it\/wp-content\/uploads\/2017\/11\/il-reflusso-causa-la-tosse-ecco-i-rimedi-naturali-400x234.jpg 400w, https:\/\/www.alessandrovalieri.it\/wp-content\/uploads\/2017\/11\/il-reflusso-causa-la-tosse-ecco-i-rimedi-naturali-600x351.jpg 600w, https:\/\/www.alessandrovalieri.it\/wp-content\/uploads\/2017\/11\/il-reflusso-causa-la-tosse-ecco-i-rimedi-naturali-800x469.jpg 800w, https:\/\/www.alessandrovalieri.it\/wp-content\/uploads\/2017\/11\/il-reflusso-causa-la-tosse-ecco-i-rimedi-naturali-1200x703.jpg 1200w\" sizes=\"auto, (max-width: 1024px) 100vw, 1024px\" \/>\t\t\t\t\t\t\t\t<\/a>\n\t\t\t\t\t\t\t<\/div>\n\t\t\t\t\t\t\t<div class=\"post-image-mask\">\n\t\t\t\t\t\t\t\t<span><\/span>\n\t\t\t\t\t\t\t<\/div>\n\n\t\t\t\t\t\t\n\t\t\t\t\t<\/figure>\n\t\t\t\t\n\t\t\t\t\t\t\t\t\t\t\t\t<div class=\"post-date wd-post-date wd-style-with-bg\">\n\t\t\t\t<span class=\"post-date-day\">\n\t\t\t\t\t26\t\t\t\t<\/span>\n\t\t\t\t<span class=\"post-date-month\">\n\t\t\t\t\tOtt\t\t\t\t<\/span>\n\t\t\t<\/div>\n\t\t\t\t\t\t\n\t\t\t<\/header><!-- .entry-header -->\n\n\t\t<div class=\"article-body-container\">\n\t\t\t\n\t\t\t\t\t\t\t\t\t<div class=\"meta-categories-wrapp\"><div class=\"meta-post-categories wd-post-cat wd-style-with-bg\"><a href=\"https:\/\/www.alessandrovalieri.it\/patologie-gola\/\" rel=\"category tag\">Patologie Gola<\/a>, <a href=\"https:\/\/www.alessandrovalieri.it\/reflusso\/\" rel=\"category tag\">Reflusso<\/a><\/div><\/div>\n\t\t\t\t\n\t\t\t\t\t\t\t\t\t<h3 class=\"wd-entities-title title post-title\">\n\t\t\t\t\t\t<a href=\"https:\/\/www.alessandrovalieri.it\/cosa-mangiare-con-la-faringite-da-reflusso\/\" rel=\"bookmark\">Cosa mangiare con la faringite da reflusso<\/a>\n\t\t\t\t\t<\/h3>\n\t\t\t\t\n\t\t\t\t\t\t\t\t\t<div class=\"entry-meta wd-entry-meta\">\n\t\t\t\t\t\t\t\t\t<ul class=\"entry-meta-list\">\n\t\t\t\t\t\t\t\t\t<li class=\"modified-date\">\n\t\t\t\t\t\t\t\t<time class=\"updated\" datetime=\"2024-07-22T14:35:59+00:00\">\n\t\t\tLuglio 22, 2024\t\t<\/time>\n\t\t\t\t\t\t\t<\/li>\n\n\t\t\t\t\t\n\t\t\t\t\t\t\t\t\t\t\t<li class=\"meta-author\">\n\t\t\t\t\t\t\t\t\t\t\t\t<span>By<\/span>\n\t\t\n\t\t\t\t\t\t\t\n\t\t<a href=\"https:\/\/www.alessandrovalieri.it\/author\/webmaster\/\" rel=\"author\">\n\t\t\t<span class=\"vcard author author_name\">\n\t\t\t\t<span class=\"fn\">Paolo Pieraccioli<\/span>\n\t\t\t<\/span>\n\t\t<\/a>\n\t\t\t\t\t\t\t\t<\/li>\n\t\t\t\t\t\n\t\t\t\t\t\n\t\t\t\t\t\t\t\t\t\t\t\t<\/ul>\n\t\t\t\t\t\t\t<\/div><!-- .entry-meta -->\n\t\t\t\t\t\t\t\t\t\t\t<div class=\"hovered-social-icons wd-tltp wd-tltp-top\">\n\t\t\t\t\t\t\t<div class=\"wd-tooltip-label\">\n\t\t\t\t\t\t\t\t\n\t\t\t<div class=\" wd-social-icons  icons-design-default icons-size-small color-scheme-light social-share social-form-circle text-center\">\n\n\t\t\t\t\n\t\t\t\t\t\t\t\t\t<a rel=\"noopener noreferrer nofollow\" href=\"https:\/\/www.facebook.com\/sharer\/sharer.php?u=https:\/\/www.alessandrovalieri.it\/cosa-mangiare-con-la-faringite-da-reflusso\/\" target=\"_blank\" class=\" wd-social-icon social-facebook\" aria-label=\"Facebook social link\">\n\t\t\t\t\t\t<span class=\"wd-icon\"><\/span>\n\t\t\t\t\t\t\t\t\t\t\t<\/a>\n\t\t\t\t\n\t\t\t\t\t\t\t\t\t<a rel=\"noopener noreferrer nofollow\" href=\"https:\/\/x.com\/share?url=https:\/\/www.alessandrovalieri.it\/cosa-mangiare-con-la-faringite-da-reflusso\/\" target=\"_blank\" class=\" wd-social-icon social-twitter\" aria-label=\"X social link\">\n\t\t\t\t\t\t<span class=\"wd-icon\"><\/span>\n\t\t\t\t\t\t\t\t\t\t\t<\/a>\n\t\t\t\t\n\t\t\t\t\n\t\t\t\t\n\t\t\t\t\n\t\t\t\t\t\t\t\t\t<a rel=\"noopener noreferrer nofollow\" href=\"https:\/\/pinterest.com\/pin\/create\/button\/?url=https:\/\/www.alessandrovalieri.it\/cosa-mangiare-con-la-faringite-da-reflusso\/&media=https:\/\/www.alessandrovalieri.it\/wp-content\/uploads\/2017\/11\/il-reflusso-causa-la-tosse-ecco-i-rimedi-naturali.jpg&description=Cosa+mangiare+con+la+faringite+da+reflusso\" target=\"_blank\" class=\" wd-social-icon social-pinterest\" aria-label=\"Pinterest social link\">\n\t\t\t\t\t\t<span class=\"wd-icon\"><\/span>\n\t\t\t\t\t\t\t\t\t\t\t<\/a>\n\t\t\t\t\n\t\t\t\t\n\t\t\t\t\t\t\t\t\t<a rel=\"noopener noreferrer nofollow\" href=\"https:\/\/www.linkedin.com\/shareArticle?mini=true&url=https:\/\/www.alessandrovalieri.it\/cosa-mangiare-con-la-faringite-da-reflusso\/\" target=\"_blank\" class=\" wd-social-icon social-linkedin\" aria-label=\"Linkedin social link\">\n\t\t\t\t\t\t<span class=\"wd-icon\"><\/span>\n\t\t\t\t\t\t\t\t\t\t\t<\/a>\n\t\t\t\t\n\t\t\t\t\n\t\t\t\t\n\t\t\t\t\n\t\t\t\t\n\t\t\t\t\n\t\t\t\t\n\t\t\t\t\n\t\t\t\t\n\t\t\t\t\n\t\t\t\t\t\t\t\t\n\t\t\t\t\t\t\t\t\n\t\t\t\t\n\t\t\t\t\n\t\t\t\t\t\t\t\t\t<a rel=\"noopener noreferrer nofollow\" href=\"https:\/\/telegram.me\/share\/url?url=https:\/\/www.alessandrovalieri.it\/cosa-mangiare-con-la-faringite-da-reflusso\/\" target=\"_blank\" class=\" wd-social-icon social-tg\" aria-label=\"Telegram social link\">\n\t\t\t\t\t\t<span class=\"wd-icon\"><\/span>\n\t\t\t\t\t\t\t\t\t\t\t<\/a>\n\t\t\t\t\t\t\t\t\n\t\t\t\t\n\t\t\t<\/div>\n\n\t\t\t\t\t\t\t\t\t<\/div>\n\t\t\t\t\t\t<\/div>\n\t\t\t\t\t\t\t\t\t\t\t\t\n\t\t\t\t\t\t\t\n\t\t\t\t                    <div class=\"entry-content wd-entry-content\">\n\t\t\t\t\t\t<p>Se si soffre di tosse persistente, secca o con presenza di catarro, le cause potrebbero essere diverse. A seconda dei sintomi il medico capir\u00e0 se quel fastidio sia da ricercare in un disturbo dello stomaco o dell\u2019apparato respiratorio, e vada curato con la dieta, con farmaci e antibiotico oppure con un\u2019operazione. <\/p>\n\n\t\t\t\t\t\t\t\t\t\t\t<\/div><!-- .entry-content -->\n\t\t\t\t\n\t\t\t\t\t\t\t\t\t\t\t\t\t\t<p class=\"read-more-section\">\n\t\t\t\t\t\t<a class=\"btn-read-more more-link\" href=\"https:\/\/www.alessandrovalieri.it\/cosa-mangiare-con-la-faringite-da-reflusso\/\">Continue reading<\/a>\t\t\t\t\t<\/p>\n\t\t\t\t\t\t\t\t\t\t\t\n\t\t\t\n\t\t\t\t\t<\/div>\n\t<\/div>\n<\/article><!-- #post -->\n\n\n\t\t\t\t\t\n\t\t\t\t\t","status":"have-posts","nextPage":"https:\/\/www.alessandrovalieri.it\/patologie-gola\/page\/3\/?woo_ajax=1","currentPage":"https:\/\/www.alessandrovalieri.it\/patologie-gola\/page\/2"}